{"id":199,"date":"2023-09-28T12:11:15","date_gmt":"2023-09-28T12:11:15","guid":{"rendered":"https:\/\/gerberhaus-klimaschutz.at\/?p=199"},"modified":"2024-06-26T07:07:12","modified_gmt":"2024-06-26T07:07:12","slug":"land-und-umweltschuetzer-leben-gefaehrlich","status":"publish","type":"post","link":"https:\/\/gerberhaus-klimaschutz.at\/?p=199","title":{"rendered":"Land- und Umweltsch\u00fctzer leben gef\u00e4hrlich"},"content":{"rendered":"\n<p><strong>September 2023, London<\/strong>&nbsp;\u2013 Laut einem neuen Bericht von Global Witness, der heute in Zusammenarbeit mit globalen Partnern ver\u00f6ffentlicht wurde, wurden im vergangenen Jahr mindestens 177 Land- und Umweltsch\u00fctzer beim Versuch, den Planeten zu sch\u00fctzen, get\u00f6tet \u2013 alle zwei Tage einer. Mit diesen neuen Zahlen steigt die Gesamtzahl der Morde an Umweltsch\u00fctzern zwischen 2012 und 2022 auf 1.910.<\/p>\n\n\n\n<p>Fast neun von zehn der 2022 registrierten Morde fanden in Lateinamerika statt. Mehr als ein Drittel davon ereignete sich in Kolumbien, dem Land mit der weltweit h\u00f6chsten Zahl von F\u00e4llen. Brasilien liegt mit 34 Mordf\u00e4llen an weltweit zweiter Stelle.<\/p>\n\n\n\n<p>Letztes Jahr fand einer von f\u00fcnf Morden an Menschenrechtsverteidigern im Amazonas-Regenwald statt. Gewalt, Folter und Drohungen findet man in der gesamten Amazonas-Region.<\/p>\n\n\n\n<p>Zus\u00e4tzlich zu den t\u00f6dlichen Angriffen werden Menschen, die sich wehren, zunehmend kriminalisiert, was bedeutet, dass die Gesetze selbst weithin als Waffen eingesetzt werden, um diejenigen zum Schweigen zu bringen, die es wagen, ihre Meinung zu sagen.<\/p>\n\n\n\n<p>Kolumbien galt mit 60 Todesf\u00e4llen im vergangenen Jahr als das Land mit den meisten Todesopfern weltweit \u2013 mehr als ein Drittel aller weltweit registrierten Todesf\u00e4lle. Diese Zahl ist fast doppelt so hoch wie die Zahl der im Jahr 2021 gemeldeten T\u00f6tungen, obwohl Kolumbien im Oktober 2022 ein regionales Abkommen mit verbindlicher Wirkung ratifiziert hat, das die Regierungen verpflichtet, Angriffe auf Menschenrechtsverteidiger zu verhindern und zu untersuchen.<\/p>\n\n\n\n<p>Seit Global Witness 2012 begonnen hat, diese F\u00e4lle zu dokumentieren, wurden in Kolumbien mindestens 382 MenschenrechtsverteidigerInnen get\u00f6tet, was das Land zum Land mit den meisten gemeldeten T\u00f6tungen weltweit in diesem Zeitraum macht.<\/p>\n\n\n\n<p>Die meisten der im Jahr 2022 registrierten T\u00f6tungen fanden in Lateinamerika statt, mit 88 Prozent der t\u00f6dlichen Angriffe. Zu den anderen t\u00f6dlichen L\u00e4ndern der Region geh\u00f6rten im vergangenen Jahr Brasilien mit 34 Morden, Mexiko mit 31 Morden und Honduras mit 14 Morden.<\/p>\n\n\n\n<p>Dar\u00fcber hinaus ergab die Untersuchung erneut, dass indigene Gemeinschaften in unverh\u00e4ltnism\u00e4\u00dfig hohem Ma\u00dfe t\u00f6dlichen Angriffen ausgesetzt sind und im vergangenen Jahr Opfer von mehr als einem Drittel (34 Prozent) der weltweiten Morde wurden, obwohl sie nur etwa 5 Prozent der Weltbev\u00f6lkerung ausmachen.<\/p>\n\n\n\n<p>Obwohl diese Morde in den letzten 11 Jahren sehr h\u00e4ufig vorkamen, wurden nur sehr wenige T\u00e4ter vor Gericht gestellt. Dies liegt daran, dass die Regierungen in aller Welt es vers\u00e4umt haben, diese Verbrechen zu untersuchen, was zu Straffreiheit und weiteren Angriffen f\u00fchrt.<\/p>\n\n\n\n<p><strong>Shruti Suresh von Global Witness:<\/strong><\/p>\n\n\n\n<p>\u201eDie Verantwortlichen f\u00fcr diese Morde bleiben fast immer unbestraft. Gewalt, Einsch\u00fcchterung und Schikanen werden auch eingesetzt, um Menschenrechtsverteidiger auf der ganzen Welt zum Schweigen zu bringen. Trotz der Bedrohung durch das unverantwortliche Handeln von Unternehmen und Regierungen bleiben diese Bewegungen von Menschen, die durch ihre Entschlossenheit und ihr Engagement f\u00fcr die Verteidigung ihrer Heimat und Gemeinschaft vereint sind, standhaft \u2013 und k\u00f6nnen und werden nicht zum Schweigen gebracht werden.\u201c<\/p>\n\n\n\n<p>Die Analyse von Global Witness zeigt, dass das Amazonasgebiet mit 39 Morden im vergangenen Jahr einer der gef\u00e4hrlichsten Orte der Welt f\u00fcr Menschenrechtsaktivisten ist: Mehr als ein F\u00fcnftel dieser Morde (22 Prozent) ereignete sich im gr\u00f6\u00dften Regenwald der Welt. Zu diesen Zahlen geh\u00f6ren auch der britische Journalist Dom Phillips vom Guardian und der brasilianische Indigenist Bruno Pereira, der im Juni letzten Jahres von Bewaffneten in einem indigenen Gebiet im brasilianischen Amazonasgebiet get\u00f6tet wurde. Insgesamt wurden seit 2014 mindestens 296 Menschen, die sich f\u00fcr die Rechte der Indigenen einsetzen, im Amazonasgebiet get\u00f6tet.<\/p>\n\n\n\n<p><strong>Laura Furones<\/strong>, leitende Beraterin der Kampagne \u201eDefenders of the Earth and Environment\u201c von Global Witness: \u201eZahlreiche Forschungsstudien zeigen, dass indigene V\u00f6lker die besten H\u00fcter der W\u00e4lder sind und daher eine Schl\u00fcsselrolle bei der Bek\u00e4mpfung der Klimakrise spielen m\u00fcssen. Doch weil sie genau das tun, sind sie in L\u00e4ndern wie Brasilien, Peru und Venezuela st\u00e4ndigen Angriffen ausgesetzt.<\/p>\n","protected":false},"excerpt":{"rendered":"<p>September 2023, London&nbsp;\u2013 Laut einem neuen Bericht von Global Witness, der heute in Zusammenarbeit mit globalen Partnern ver\u00f6ffentlicht wurde, wurden im vergangenen Jahr mindestens 177 Land- und Umweltsch\u00fctzer beim Versuch, den Planeten zu sch\u00fctzen, get\u00f6tet \u2013 alle zwei Tage einer. Mit diesen neuen Zahlen steigt die Gesamtzahl der Morde an Umweltsch\u00fctzern zwischen 2012 und 2022 [&hellip;]<\/p>\n","protected":false},"author":1,"featured_media":0,"comment_status":"closed","ping_status":"open","sticky":false,"template":"","format":"standard","meta":{"_monsterinsights_skip_tracking":false,"_monsterinsights_sitenote_active":false,"_monsterinsights_sitenote_note":"","_monsterinsights_sitenote_category":0,"footnotes":""},"categories":[12],"tags":[],"class_list":["post-199","post","type-post","status-publish","format-standard","hentry","category-aktiv-fuer-den-umweltschutz"],"_links":{"self":[{"href":"https:\/\/gerberhaus-klimaschutz.at\/index.php?rest_route=\/wp\/v2\/posts\/199","targetHints":{"allow":["GET"]}}],"collection":[{"href":"https:\/\/gerberhaus-klimaschutz.at\/index.php?rest_route=\/wp\/v2\/posts"}],"about":[{"href":"https:\/\/gerberhaus-klimaschutz.at\/index.php?rest_route=\/wp\/v2\/types\/post"}],"author":[{"embeddable":true,"href":"https:\/\/gerberhaus-klimaschutz.at\/index.php?rest_route=\/wp\/v2\/users\/1"}],"replies":[{"embeddable":true,"href":"https:\/\/gerberhaus-klimaschutz.at\/index.php?rest_route=%2Fwp%2Fv2%2Fcomments&post=199"}],"version-history":[{"count":2,"href":"https:\/\/gerberhaus-klimaschutz.at\/index.php?rest_route=\/wp\/v2\/posts\/199\/revisions"}],"predecessor-version":[{"id":201,"href":"https:\/\/gerberhaus-klimaschutz.at\/index.php?rest_route=\/wp\/v2\/posts\/199\/revisions\/201"}],"wp:attachment":[{"href":"https:\/\/gerberhaus-klimaschutz.at\/index.php?rest_route=%2Fwp%2Fv2%2Fmedia&parent=199"}],"wp:term":[{"taxonomy":"category","embeddable":true,"href":"https:\/\/gerberhaus-klimaschutz.at\/index.php?rest_route=%2Fwp%2Fv2%2Fcategories&post=199"},{"taxonomy":"post_tag","embeddable":true,"href":"https:\/\/gerberhaus-klimaschutz.at\/index.php?rest_route=%2Fwp%2Fv2%2Ftags&post=199"}],"curies":[{"name":"wp","href":"https:\/\/api.w.org\/{rel}","templated":true}]}}