{"id":226,"date":"2023-08-18T13:41:33","date_gmt":"2023-08-18T13:41:33","guid":{"rendered":"https:\/\/gerberhaus-klimaschutz.at\/?p=226"},"modified":"2023-11-11T18:47:32","modified_gmt":"2023-11-11T18:47:32","slug":"co%e2%82%82-emissionen-zahlen-und-fakten","status":"publish","type":"post","link":"https:\/\/gerberhaus-klimaschutz.at\/?p=226","title":{"rendered":"CO\u2082-Emissionen Zahlen und Fakten"},"content":{"rendered":"\n<p>Die weltweite Klimakatastrophe verbunden mit generellem Temperaturanstieg und immer h\u00e4ufigeren Extremwettern machen sich weltweit bemerkbar z.B. Vermurungsdesaster in Petrobolis, Sao Sebastiao oder das Jahrhunderthochwasser am Rio Negro (2021).<\/p>\n\n\n\n<p>Hinzu kommt die brasilieninterne Klimabelastung durch die allj\u00e4hrlich steigenden riesigen Brandrodungen der hunderttausenden Hektar Prim\u00e4r- und Sekund\u00e4rw\u00e4lder. Die damit verbundenen CO<sub>2<\/sub>-\u00c4quivalente, die in die Atmosph\u00e4re gejagt werden, sprechen eine klare Sprache.<\/p>\n\n\n\n<p><strong>Es geschah am 20.08.201 \u2013 Tag wurde zur Nacht<\/strong><\/p>\n\n\n\n<p>Brand-Hochsaison mehr als 1.000 km entfernt und spezielle Wetter- und Windverfrachtungen, lie\u00dfen die 13 Millionen Metropole S\u00e3o Paulo in schwarze Rauchwolken versinken.\u00a0<\/p>\n\n\n\n<h3 class=\"wp-block-heading\">Beispiel 1<\/h3>\n\n\n\n<p>Ein brasilienweiter Gemeindevergleich zeigt, dass von den zehn gr\u00f6\u00dften CO\u2082-Emittenten, acht in der Amazonasregion liegen und nur zwei von ihnen im S\u00fcden. Die beiden Mega-St\u00e4dte S\u00e3o Paulo (13 Mio. Einwohner) auf Nr. 5 und Rio de Janeiro (7 Mio. Einwohner) auf Nr. 8. Siehe Grafik.<\/p>\n\n\n\n<div class=\"wp-block-columns is-layout-flex wp-container-core-columns-is-layout-28f84493 wp-block-columns-is-layout-flex\">\n<div class=\"wp-block-column is-layout-flow wp-block-column-is-layout-flow\" style=\"flex-basis:49%\">\n<figure class=\"wp-block-image size-large\"><img loading=\"lazy\" decoding=\"async\" width=\"1024\" height=\"954\" src=\"https:\/\/gerberhaus-klimaschutz.at\/wp-content\/uploads\/2023\/11\/1655153558797-1024x954.jpg\" alt=\"\" class=\"wp-image-93\" srcset=\"https:\/\/gerberhaus-klimaschutz.at\/wp-content\/uploads\/2023\/11\/1655153558797-1024x954.jpg 1024w, https:\/\/gerberhaus-klimaschutz.at\/wp-content\/uploads\/2023\/11\/1655153558797-300x280.jpg 300w, https:\/\/gerberhaus-klimaschutz.at\/wp-content\/uploads\/2023\/11\/1655153558797-768x716.jpg 768w, https:\/\/gerberhaus-klimaschutz.at\/wp-content\/uploads\/2023\/11\/1655153558797.jpg 1144w\" sizes=\"auto, (max-width: 1024px) 100vw, 1024px\" \/><figcaption class=\"wp-element-caption\"><em>10 St\u00e4dte mit den h\u00f6chsten CO\u2082-Emissionen in Brasilien. Werte\/Emissionen in Tonnen<\/em><\/figcaption><\/figure>\n<\/div>\n\n\n\n<div class=\"wp-block-column is-layout-flow wp-block-column-is-layout-flow\" style=\"flex-basis:50%\">\n<p>Der Gemeindebezirk Altamira, mit gesamt nur 116.000 Einwohnern, belastet die Atmosph\u00e4re durch die riesigen Abbr\u00e4nde mehr, als vergleichsweise 20 Millionen Einwohner der Metropolen Rio de Janeiro und S\u00e3o Paulo zusammen.<\/p>\n\n\n\n<p>Nicht zu vergessen, die gesundheitlichen massiven Leiden der Bev\u00f6lkerung (besonders Kinder und Alte), inmitten der monatelangen Feuer- und Rauchschwaden. 24\/7!\u00a0<\/p>\n<\/div>\n<\/div>\n\n\n\n<h3 class=\"wp-block-heading\">Beispiel 2<\/h3>\n\n\n\n<p>In den acht Amazonas Gemeinden \u2013 gesamt 900.000 Einwohner \u2013 mit den h\u00f6chsten CO<sub>2&nbsp;<\/sub>Emissionen werden j\u00e4hrlich 200 Millionen Tonnen CO<sub>2<\/sub>e aufgrund der gigantischen Brandrodungen in die Luft gejagt. &nbsp;<\/p>\n\n\n\n<p>Im Vergleich dazu emittieren rund 9 Millionen \u00d6sterreicher j\u00e4hrlich gesamt 80 Mio. Tonnen CO<sub>2<\/sub>e.<\/p>\n","protected":false},"excerpt":{"rendered":"<p>Die weltweite Klimakatastrophe verbunden mit generellem Temperaturanstieg und immer h\u00e4ufigeren Extremwettern machen sich weltweit bemerkbar z.B. Vermurungsdesaster in Petrobolis, Sao Sebastiao oder das Jahrhunderthochwasser am Rio Negro (2021). Hinzu kommt die brasilieninterne Klimabelastung durch die allj\u00e4hrlich steigenden riesigen Brandrodungen der hunderttausenden Hektar Prim\u00e4r- und Sekund\u00e4rw\u00e4lder. Die damit verbundenen CO2-\u00c4quivalente, die in die Atmosph\u00e4re gejagt werden, [&hellip;]<\/p>\n","protected":false},"author":1,"featured_media":227,"comment_status":"closed","ping_status":"open","sticky":false,"template":"","format":"standard","meta":{"_monsterinsights_skip_tracking":false,"_monsterinsights_sitenote_active":false,"_monsterinsights_sitenote_note":"","_monsterinsights_sitenote_category":0,"footnotes":""},"categories":[10],"tags":[],"class_list":["post-226","post","type-post","status-publish","format-standard","has-post-thumbnail","hentry","category-klima"],"_links":{"self":[{"href":"https:\/\/gerberhaus-klimaschutz.at\/index.php?rest_route=\/wp\/v2\/posts\/226","targetHints":{"allow":["GET"]}}],"collection":[{"href":"https:\/\/gerberhaus-klimaschutz.at\/index.php?rest_route=\/wp\/v2\/posts"}],"about":[{"href":"https:\/\/gerberhaus-klimaschutz.at\/index.php?rest_route=\/wp\/v2\/types\/post"}],"author":[{"embeddable":true,"href":"https:\/\/gerberhaus-klimaschutz.at\/index.php?rest_route=\/wp\/v2\/users\/1"}],"replies":[{"embeddable":true,"href":"https:\/\/gerberhaus-klimaschutz.at\/index.php?rest_route=%2Fwp%2Fv2%2Fcomments&post=226"}],"version-history":[{"count":4,"href":"https:\/\/gerberhaus-klimaschutz.at\/index.php?rest_route=\/wp\/v2\/posts\/226\/revisions"}],"predecessor-version":[{"id":231,"href":"https:\/\/gerberhaus-klimaschutz.at\/index.php?rest_route=\/wp\/v2\/posts\/226\/revisions\/231"}],"wp:featuredmedia":[{"embeddable":true,"href":"https:\/\/gerberhaus-klimaschutz.at\/index.php?rest_route=\/wp\/v2\/media\/227"}],"wp:attachment":[{"href":"https:\/\/gerberhaus-klimaschutz.at\/index.php?rest_route=%2Fwp%2Fv2%2Fmedia&parent=226"}],"wp:term":[{"taxonomy":"category","embeddable":true,"href":"https:\/\/gerberhaus-klimaschutz.at\/index.php?rest_route=%2Fwp%2Fv2%2Fcategories&post=226"},{"taxonomy":"post_tag","embeddable":true,"href":"https:\/\/gerberhaus-klimaschutz.at\/index.php?rest_route=%2Fwp%2Fv2%2Ftags&post=226"}],"curies":[{"name":"wp","href":"https:\/\/api.w.org\/{rel}","templated":true}]}}