{"id":583,"date":"2024-09-13T07:25:39","date_gmt":"2024-09-13T07:25:39","guid":{"rendered":"https:\/\/gerberhaus-klimaschutz.at\/?p=583"},"modified":"2024-09-23T08:12:20","modified_gmt":"2024-09-23T08:12:20","slug":"gerberhaus-kultur-trifft-klimaschutz","status":"publish","type":"post","link":"https:\/\/gerberhaus-klimaschutz.at\/?p=583","title":{"rendered":"Gerberhaus: Kultur trifft Klimaschutz"},"content":{"rendered":"\n<p>Bei unseren vielf\u00e4ltigen Kulturveranstaltungen erleben Sie nicht nur unvergessliche Momente, gute Laune, Witz und Humor, sondern leisten auch einen wertvollen Beitrag zum Klimaschutz.<\/p>\n\n\n\n<div class=\"wp-block-buttons is-layout-flex wp-block-buttons-is-layout-flex\">\n<div class=\"wp-block-button\"><a class=\"wp-block-button__link wp-element-button\" href=\"https:\/\/gerberhaus.at\">Unsere Events: www.gerberhaus.at<\/a><\/div>\n<\/div>\n\n\n\n<h2 class=\"wp-block-heading\">Warum?<\/h2>\n\n\n\n<ul class=\"wp-block-list\">\n<li><strong>5\u20ac pro Ticket:<\/strong>&nbsp;Mit jedem erworbenen Ticket unterst\u00fctzen Sie Umweltschutzfachleute und mutige JournalistInnen, die unter schwierigen, zum Teil lebensbedrohlichen Bedingungen in Amazonien arbeiten, reisen und berichten.<\/li>\n\n\n\n<li><strong>\u00d6sterreichisches Rotes Kreuz:<\/strong>&nbsp;Gemeinsam helfen wir Menschen in Not.<\/li>\n\n\n\n<li><strong>Eigene Webseite:<\/strong>&nbsp;Informieren Sie sich umfassend \u00fcber aktuelle Klimaschutzthemen und unsere <a href=\"https:\/\/gerberhaus-klimaschutz.at\/?page_id=249\" data-type=\"page\" data-id=\"249\">Projekte<\/a>.<\/li>\n\n\n\n<li><strong>J\u00e4hrliches Gewinnspiel:<\/strong>&nbsp;Gewinnen Sie nachhaltige Produkte und unterst\u00fctzen Sie gleichzeitig den Umweltschutz.<\/li>\n<\/ul>\n\n\n\n<figure class=\"wp-block-gallery has-nested-images columns-default is-cropped wp-block-gallery-1 is-layout-flex wp-block-gallery-is-layout-flex\">\n<figure class=\"wp-block-image size-large\"><img loading=\"lazy\" decoding=\"async\" width=\"1024\" height=\"768\" data-id=\"585\" src=\"https:\/\/gerberhaus-klimaschutz.at\/wp-content\/uploads\/2024\/09\/20240711_111826-1024x768.jpg\" alt=\"\" class=\"wp-image-585\" srcset=\"https:\/\/gerberhaus-klimaschutz.at\/wp-content\/uploads\/2024\/09\/20240711_111826-1024x768.jpg 1024w, https:\/\/gerberhaus-klimaschutz.at\/wp-content\/uploads\/2024\/09\/20240711_111826-300x225.jpg 300w, https:\/\/gerberhaus-klimaschutz.at\/wp-content\/uploads\/2024\/09\/20240711_111826-768x576.jpg 768w, https:\/\/gerberhaus-klimaschutz.at\/wp-content\/uploads\/2024\/09\/20240711_111826-1536x1152.jpg 1536w, https:\/\/gerberhaus-klimaschutz.at\/wp-content\/uploads\/2024\/09\/20240711_111826-2048x1536.jpg 2048w\" sizes=\"auto, (max-width: 1024px) 100vw, 1024px\" \/><\/figure>\n\n\n\n<figure class=\"wp-block-image size-large\"><img loading=\"lazy\" decoding=\"async\" width=\"1024\" height=\"768\" data-id=\"587\" src=\"https:\/\/gerberhaus-klimaschutz.at\/wp-content\/uploads\/2024\/09\/IMG_4821-1024x768.jpg\" alt=\"\" class=\"wp-image-587\" srcset=\"https:\/\/gerberhaus-klimaschutz.at\/wp-content\/uploads\/2024\/09\/IMG_4821-1024x768.jpg 1024w, https:\/\/gerberhaus-klimaschutz.at\/wp-content\/uploads\/2024\/09\/IMG_4821-300x225.jpg 300w, https:\/\/gerberhaus-klimaschutz.at\/wp-content\/uploads\/2024\/09\/IMG_4821-768x576.jpg 768w, https:\/\/gerberhaus-klimaschutz.at\/wp-content\/uploads\/2024\/09\/IMG_4821-1536x1152.jpg 1536w, https:\/\/gerberhaus-klimaschutz.at\/wp-content\/uploads\/2024\/09\/IMG_4821-2048x1536.jpg 2048w\" sizes=\"auto, (max-width: 1024px) 100vw, 1024px\" \/><\/figure>\n\n\n\n<figure class=\"wp-block-image size-large\"><img loading=\"lazy\" decoding=\"async\" width=\"1024\" height=\"768\" data-id=\"588\" src=\"https:\/\/gerberhaus-klimaschutz.at\/wp-content\/uploads\/2024\/09\/IMG_4796-1024x768.jpg\" alt=\"\" class=\"wp-image-588\" srcset=\"https:\/\/gerberhaus-klimaschutz.at\/wp-content\/uploads\/2024\/09\/IMG_4796-1024x768.jpg 1024w, https:\/\/gerberhaus-klimaschutz.at\/wp-content\/uploads\/2024\/09\/IMG_4796-300x225.jpg 300w, https:\/\/gerberhaus-klimaschutz.at\/wp-content\/uploads\/2024\/09\/IMG_4796-768x576.jpg 768w, https:\/\/gerberhaus-klimaschutz.at\/wp-content\/uploads\/2024\/09\/IMG_4796-1536x1152.jpg 1536w, https:\/\/gerberhaus-klimaschutz.at\/wp-content\/uploads\/2024\/09\/IMG_4796-2048x1536.jpg 2048w\" sizes=\"auto, (max-width: 1024px) 100vw, 1024px\" \/><\/figure>\n<figcaption class=\"blocks-gallery-caption wp-element-caption\">GewinnerInnen im Felsentheater in Fert\u00f6rakos<\/figcaption><\/figure>\n\n\n\n<h2 class=\"wp-block-heading\">Der Hauptpreis unseres Gewinnspiels ist ein Renault R5 elektro! <\/h2>\n\n\n\n<p>Das innovative E-Auto im Retro-Design gibt es derzeit noch nicht in \u00d6sterreich. (Stand 13.9.2024) Pr\u00e4sentiert werden soll das Modell in \u00d6sterreich im November\/Dezember 2024. Im Internet zu finden gibt es bereits erste Berichte \u00fcber den neuen (alten) R5. Ein Beispiel dazu:<\/p>\n\n\n\n<figure class=\"wp-block-embed is-type-video is-provider-youtube wp-block-embed-youtube wp-embed-aspect-16-9 wp-has-aspect-ratio\"><div class=\"wp-block-embed__wrapper\">\n<iframe loading=\"lazy\" title=\"Neuvorstellung: Renault R5 Electric - Optik retro und die Technik? | auto motor und sport\" width=\"500\" height=\"281\" src=\"https:\/\/www.youtube.com\/embed\/G82DvBmpf3M?feature=oembed\" frameborder=\"0\" allow=\"accelerometer; autoplay; clipboard-write; encrypted-media; gyroscope; picture-in-picture; web-share\" referrerpolicy=\"strict-origin-when-cross-origin\" allowfullscreen><\/iframe>\n<\/div><\/figure>\n\n\n\n<h2 class=\"wp-block-heading\">Unser Ziel:<\/h2>\n\n\n\n<p>Eine Welt, die von erneuerbaren Energien wie Wind und Sonne angetrieben wird. Eine Welt, in der unsere Kinder und Enkel eine lebenswerte Zukunft haben. Die Zeit dr\u00e4ngt.<\/p>\n","protected":false},"excerpt":{"rendered":"<p>Bei unseren vielf\u00e4ltigen Kulturveranstaltungen erleben Sie nicht nur unvergessliche Momente, gute Laune, Witz und Humor, sondern leisten auch einen wertvollen Beitrag zum Klimaschutz. Warum? Der Hauptpreis unseres Gewinnspiels ist ein Renault R5 elektro! Das innovative E-Auto im Retro-Design gibt es derzeit noch nicht in \u00d6sterreich. (Stand 13.9.2024) Pr\u00e4sentiert werden soll das Modell in \u00d6sterreich im [&hellip;]<\/p>\n","protected":false},"author":1,"featured_media":602,"comment_status":"closed","ping_status":"open","sticky":false,"template":"","format":"standard","meta":{"_monsterinsights_skip_tracking":false,"_monsterinsights_sitenote_active":false,"_monsterinsights_sitenote_note":"","_monsterinsights_sitenote_category":0,"footnotes":""},"categories":[12],"tags":[],"class_list":["post-583","post","type-post","status-publish","format-standard","has-post-thumbnail","hentry","category-aktiv-fuer-den-umweltschutz"],"_links":{"self":[{"href":"https:\/\/gerberhaus-klimaschutz.at\/index.php?rest_route=\/wp\/v2\/posts\/583","targetHints":{"allow":["GET"]}}],"collection":[{"href":"https:\/\/gerberhaus-klimaschutz.at\/index.php?rest_route=\/wp\/v2\/posts"}],"about":[{"href":"https:\/\/gerberhaus-klimaschutz.at\/index.php?rest_route=\/wp\/v2\/types\/post"}],"author":[{"embeddable":true,"href":"https:\/\/gerberhaus-klimaschutz.at\/index.php?rest_route=\/wp\/v2\/users\/1"}],"replies":[{"embeddable":true,"href":"https:\/\/gerberhaus-klimaschutz.at\/index.php?rest_route=%2Fwp%2Fv2%2Fcomments&post=583"}],"version-history":[{"count":10,"href":"https:\/\/gerberhaus-klimaschutz.at\/index.php?rest_route=\/wp\/v2\/posts\/583\/revisions"}],"predecessor-version":[{"id":629,"href":"https:\/\/gerberhaus-klimaschutz.at\/index.php?rest_route=\/wp\/v2\/posts\/583\/revisions\/629"}],"wp:featuredmedia":[{"embeddable":true,"href":"https:\/\/gerberhaus-klimaschutz.at\/index.php?rest_route=\/wp\/v2\/media\/602"}],"wp:attachment":[{"href":"https:\/\/gerberhaus-klimaschutz.at\/index.php?rest_route=%2Fwp%2Fv2%2Fmedia&parent=583"}],"wp:term":[{"taxonomy":"category","embeddable":true,"href":"https:\/\/gerberhaus-klimaschutz.at\/index.php?rest_route=%2Fwp%2Fv2%2Fcategories&post=583"},{"taxonomy":"post_tag","embeddable":true,"href":"https:\/\/gerberhaus-klimaschutz.at\/index.php?rest_route=%2Fwp%2Fv2%2Ftags&post=583"}],"curies":[{"name":"wp","href":"https:\/\/api.w.org\/{rel}","templated":true}]}}